[{"@context":"https:\/\/schema.org\/","@type":"Article","@id":"https:\/\/www.zuuxo.cz\/pronajem-chata\/#Article","mainEntityOfPage":"https:\/\/www.zuuxo.cz\/pronajem-chata\/","headline":"Pron\u00e1jem chata","name":"Pron\u00e1jem chata","description":"Podzim b\u00fdv\u00e1 ve m\u011bstech sychrav\u00fd, bl\u00e1tiv\u00fd, zkr\u00e1tka nehezk\u00fd. Kdy\u017e se k tomu p\u0159id\u00e1 je\u0161t\u011b n\u00edzk\u00e1 obla\u010dnost, inverze a smogov\u00e9 kalamity, pak se nem\u016f\u017eeme nikomu divit, \u017ee by nejrad\u011bji z m\u011bsta odjel n\u011bjak pry\u010d. Zkuste pron\u00e1jem chata a u\u017eijte si podzimn\u00ed dny p\u011bkn\u00fdm v\u00fdletem! Nemus\u00edme p\u0159eci v\u016fbec sed\u011bt doma tak\u0159\u00edkaj\u00edc na zadku a zoufat si&#8230; Pron\u00e1jem [&hellip;]","datePublished":"2024-01-29","dateModified":"2024-01-29","author":{"@type":"Person","@id":"https:\/\/www.zuuxo.cz\/author\/#Person","name":"","url":"https:\/\/www.zuuxo.cz\/author\/","identifier":1,"image":{"@type":"ImageObject","@id":"https:\/\/secure.gravatar.com\/avatar\/40b5f3ce562f556955b189273c919e65fd2efecc17411a60d9172af88d0e5d58?s=96&d=mm&r=g","url":"https:\/\/secure.gravatar.com\/avatar\/40b5f3ce562f556955b189273c919e65fd2efecc17411a60d9172af88d0e5d58?s=96&d=mm&r=g","height":96,"width":96}},"publisher":{"@type":"Organization","name":"zuuxo.cz","logo":{"@type":"ImageObject","@id":"\/logo.png","url":"\/logo.png","width":600,"height":60}},"url":"https:\/\/www.zuuxo.cz\/pronajem-chata\/","wordCount":193,"articleBody":"Podzim b\u00fdv\u00e1 ve m\u011bstech sychrav\u00fd, bl\u00e1tiv\u00fd, zkr\u00e1tka nehezk\u00fd. Kdy\u017e se k tomu p\u0159id\u00e1 je\u0161t\u011b n\u00edzk\u00e1 obla\u010dnost, inverze a smogov\u00e9 kalamity, pak se nem\u016f\u017eeme nikomu divit, \u017ee by nejrad\u011bji z m\u011bsta odjel n\u011bjak pry\u010d. Zkuste pron\u00e1jem chata a u\u017eijte si podzimn\u00ed dny p\u011bkn\u00fdm v\u00fdletem!Nemus\u00edme p\u0159eci v\u016fbec sed\u011bt doma tak\u0159\u00edkaj\u00edc na zadku a zoufat si&#8230; Pron\u00e1jem chata je jeden z nejlep\u0161\u00edch n\u00e1pad\u016f, jak si u\u017e\u00edt naplno podzimn\u00ed dny! Pokud V\u00e1s nel\u00e1kaj\u00ed t\u00fary a dlouh\u00e9 vych\u00e1zky v p\u0159\u00edrod\u011b, m\u016f\u017eete zkr\u00e1tka jen v klidu relaxovat u krbu&#8230;\tV\u00fdlety i relaxaceTo, co V\u00e1m tu te\u010f nab\u00edz\u00edme jsou v\u00fdlety i mo\u017enost klidn\u00e9 relaxace, ka\u017ed\u00e9mu jak je po chuti. M\u016f\u017ee to b\u00fdt sport nebo tak\u00e9 klid a odpo\u010dinek na chat\u011b. Pron\u00e1jem chata je skv\u011blou p\u0159\u00edle\u017eitost\u00ed nejen pro z\u00e1\u017eitky, ale tak\u00e9 pro odpo\u010dinek od v\u0161edn\u00edch starost\u00ed. Rozhodn\u011b stoj\u00ed za to pouva\u017eovat nad nimi.                                                                                                                                                                                                                                                                                                                                                                                        3.7\/5 - (8 votes)        "},{"@context":"https:\/\/schema.org\/","@type":"BreadcrumbList","itemListElement":[{"@type":"ListItem","position":1,"name":"Pron\u00e1jem chata","item":"https:\/\/www.zuuxo.cz\/pronajem-chata\/#breadcrumbitem"}]}]