[{"@context":"https:\/\/schema.org\/","@type":"Article","@id":"https:\/\/www.zuuxo.cz\/nabizime-kojenecke-obleceni\/#Article","mainEntityOfPage":"https:\/\/www.zuuxo.cz\/nabizime-kojenecke-obleceni\/","headline":"Nab\u00edz\u00edme kojeneck\u00e9 oble\u010den\u00ed","name":"Nab\u00edz\u00edme kojeneck\u00e9 oble\u010den\u00ed","description":"\u0160irok\u00e1 nab\u00eddka kojeneck\u00e9ho oble\u010den\u00ed V p\u0159\u00edpad\u011b, \u017ee pot\u0159ebujete obstarat kojeneck\u00e9 oble\u010den\u00ed pro va\u0161e miminko, pak si bu\u010fte jist\u00ed, \u017ee u n\u00e1s najdete pr\u00e1v\u011b to, co hled\u00e1te. My se specializujeme na prodej oble\u010den\u00ed pro d\u011bti, kter\u00e9 nab\u00edz\u00edme za bezkonkuren\u010dn\u011b n\u00edzk\u00e9 ceny. Oble\u010den\u00ed nech\u00e1v\u00e1me dov\u00e1\u017eet ze zahrani\u010d\u00ed a v\u017edy prov\u011b\u0159\u00edme jeho kvalitu. Kvalitn\u00ed a levn\u00e9 kojeneck\u00e9 oble\u010den\u00ed [&hellip;]","datePublished":"2025-04-24","dateModified":"2025-04-24","author":{"@type":"Person","@id":"https:\/\/www.zuuxo.cz\/author\/#Person","name":"","url":"https:\/\/www.zuuxo.cz\/author\/","identifier":1,"image":{"@type":"ImageObject","@id":"https:\/\/secure.gravatar.com\/avatar\/40b5f3ce562f556955b189273c919e65fd2efecc17411a60d9172af88d0e5d58?s=96&d=mm&r=g","url":"https:\/\/secure.gravatar.com\/avatar\/40b5f3ce562f556955b189273c919e65fd2efecc17411a60d9172af88d0e5d58?s=96&d=mm&r=g","height":96,"width":96}},"publisher":{"@type":"Organization","name":"zuuxo.cz","logo":{"@type":"ImageObject","@id":"\/logo.png","url":"\/logo.png","width":600,"height":60}},"url":"https:\/\/www.zuuxo.cz\/nabizime-kojenecke-obleceni\/","wordCount":199,"articleBody":" \u0160irok\u00e1 nab\u00eddka kojeneck\u00e9ho oble\u010den\u00ed V p\u0159\u00edpad\u011b, \u017ee pot\u0159ebujete obstarat kojeneck\u00e9 oble\u010den\u00ed pro va\u0161e miminko, pak si bu\u010fte jist\u00ed, \u017ee u n\u00e1s najdete pr\u00e1v\u011b to, co hled\u00e1te. My se specializujeme na prodej oble\u010den\u00ed pro d\u011bti, kter\u00e9 nab\u00edz\u00edme za bezkonkuren\u010dn\u011b n\u00edzk\u00e9 ceny. Oble\u010den\u00ed nech\u00e1v\u00e1me dov\u00e1\u017eet ze zahrani\u010d\u00ed a v\u017edy prov\u011b\u0159\u00edme jeho kvalitu. Kvalitn\u00ed a levn\u00e9 kojeneck\u00e9 oble\u010den\u00ed Nakupujte pro sv\u00e9 d\u011bti s \u00fasm\u011bvem na tv\u00e1\u0159i. Pokud hled\u00e1te vhodn\u00e9 kojeneck\u00e9 oble\u010den\u00ed, u n\u00e1s si ur\u010dit\u011b vyberete. N\u00e1\u0161 sortiment nab\u00edzen\u00e9ho zbo\u017e\u00ed je opravdu \u0161irok\u00fd, tak\u017ee bude moci z \u010deho vyb\u00edrat. Cokoliv pro va\u0161e mal\u00e9 i v\u011bt\u0161\u00ed d\u011bti najdete v na\u0161em internetov\u00e9m obchod\u011b, kde m\u016f\u017eete velmi snadno objedn\u00e1vat vybran\u00e9 zbo\u017e\u00ed. Kvalita pro va\u0161e d\u011bti D\u011bti jsou mnohem vn\u00edmav\u011bj\u0161\u00ed a oble\u010den\u00ed, kter\u00e9 nos\u00ed, mus\u00ed b\u00fdt pohodln\u00e9 a kvalitn\u00ed. My nab\u00edz\u00edme opravdu kvalitn\u00ed kojeneck\u00e9 oble\u010den\u00ed od v\u00fdrobc\u016f, kte\u0159\u00ed jsou specializovan\u00ed ve sv\u00e9m oboru. U n\u00e1s nakoup\u00edte dob\u0159e a levn\u011b.                                                                                                                                                                                                                                                                                                                                                                                                "},{"@context":"https:\/\/schema.org\/","@type":"BreadcrumbList","itemListElement":[{"@type":"ListItem","position":1,"name":"Nab\u00edz\u00edme kojeneck\u00e9 oble\u010den\u00ed","item":"https:\/\/www.zuuxo.cz\/nabizime-kojenecke-obleceni\/#breadcrumbitem"}]}]