[{"@context":"https:\/\/schema.org\/","@type":"Article","@id":"https:\/\/www.zuuxo.cz\/kazdy-ma-svuj-domov\/#Article","mainEntityOfPage":"https:\/\/www.zuuxo.cz\/kazdy-ma-svuj-domov\/","headline":"Ka\u017ed\u00fd m\u00e1 sv\u016fj domov","name":"Ka\u017ed\u00fd m\u00e1 sv\u016fj domov","description":"Na sv\u011bt\u011b je v\u00e1\u017en\u011b spousta kr\u00e1sn\u00fdch m\u00edst. A tato n\u00e1m n\u011bkdy z\u00a0jak\u00e9hokoliv d\u016fvodu p\u0159irostou k\u00a0srdci. N\u011bkdy je pro to re\u00e1ln\u00fd d\u016fvod, zat\u00edmco n\u011bkdy jsou to jenom pocity, kter\u00e9 n\u00e1s n\u011bkam t\u00e1hnou, ale ka\u017ed\u00fd m\u00e1me p\u0159inejmen\u0161\u00edm jedno takov\u00e9 m\u00edsto. Nebo bychom ho aspo\u0148 m\u011bli m\u00edt. A t\u00edm m\u00edstem, kam n\u00e1s to t\u00e1hne nebo aspo\u0148 m\u00e1 t\u00e1hnout, [&hellip;]","datePublished":"2024-02-27","dateModified":"2024-02-27","author":{"@type":"Person","@id":"https:\/\/www.zuuxo.cz\/author\/#Person","name":"","url":"https:\/\/www.zuuxo.cz\/author\/","identifier":1,"image":{"@type":"ImageObject","@id":"https:\/\/secure.gravatar.com\/avatar\/40b5f3ce562f556955b189273c919e65fd2efecc17411a60d9172af88d0e5d58?s=96&d=mm&r=g","url":"https:\/\/secure.gravatar.com\/avatar\/40b5f3ce562f556955b189273c919e65fd2efecc17411a60d9172af88d0e5d58?s=96&d=mm&r=g","height":96,"width":96}},"publisher":{"@type":"Organization","name":"zuuxo.cz","logo":{"@type":"ImageObject","@id":"\/logo.png","url":"\/logo.png","width":600,"height":60}},"image":{"@type":"ImageObject","@id":"https:\/\/www.zuuxo.cz\/wp-content\/uploads\/%C5%BE_10_10_10_10_9.jpg","url":"https:\/\/www.zuuxo.cz\/wp-content\/uploads\/%C5%BE_10_10_10_10_9.jpg","height":0,"width":0},"url":"https:\/\/www.zuuxo.cz\/kazdy-ma-svuj-domov\/","about":["Domov"],"wordCount":460,"articleBody":"Na sv\u011bt\u011b je v\u00e1\u017en\u011b spousta kr\u00e1sn\u00fdch m\u00edst. A tato n\u00e1m n\u011bkdy z\u00a0jak\u00e9hokoliv d\u016fvodu p\u0159irostou k\u00a0srdci. N\u011bkdy je pro to re\u00e1ln\u00fd d\u016fvod, zat\u00edmco n\u011bkdy jsou to jenom pocity, kter\u00e9 n\u00e1s n\u011bkam t\u00e1hnou, ale ka\u017ed\u00fd m\u00e1me p\u0159inejmen\u0161\u00edm jedno takov\u00e9 m\u00edsto. Nebo bychom ho aspo\u0148 m\u011bli m\u00edt. A t\u00edm m\u00edstem, kam n\u00e1s to t\u00e1hne nebo aspo\u0148 m\u00e1 t\u00e1hnout, je pochopiteln\u011b n\u00e1\u0161 domov. Tedy to m\u00edsto, o kter\u00e9m sice n\u011bkte\u0159\u00ed vtip\u00e1lci \u0159\u00edkaj\u00ed, \u017ee je to jedin\u00e9 m\u00edsto, kam m\u016f\u017eeme j\u00edt, kdy\u017e u\u017e je v\u0161ude jinde zav\u0159eno, ale kter\u00e9 je ve skute\u010dnosti t\u00edm jedin\u00fdm m\u00edstem, kde jsme v\u017edycky v\u00edtan\u00ed a kde n\u00e1m nikdo nikdy ne\u0159ekne, \u017ee tam nem\u00e1me co pohled\u00e1vat.N\u011bkdy je domovem m\u00edsto, kde jsme se narodili a pro\u017eili tu d\u011btstv\u00ed. A na tom nen\u00ed nic divn\u00e9ho. Kdy\u017e n\u00e1m na\u0161e prvn\u00ed p\u016fsobi\u0161t\u011b poskytne dostatek radosti ze \u017eivota, nen\u00ed divu, \u017ee k\u00a0n\u011bmu p\u0159ilneme a t\u0159eba se u\u017e od n\u011bj nem\u016f\u017eeme odtrhnout.\u00a0Ale zrovna tak se m\u016f\u017ee st\u00e1t na\u0161\u00edm domovem a\u017e m\u00edsto, kde zapust\u00edme ko\u0159eny v\u00a0pozd\u011bj\u0161\u00edm v\u011bku. Ne v\u017edycky je p\u0159ece nejlep\u0161\u00ed hned to prvn\u00ed, co v\u00a0\u017eivot\u011b pozn\u00e1me. N\u011bkdy se k\u00a0tomu nejlep\u0161\u00edmu propracujeme a\u017e pozd\u011bji. A pro\u010d by tak\u00e9 ne?\u00a0Ka\u017edop\u00e1dn\u011b je ale domovem, tedy t\u00edm opravdov\u00fdm domovem, m\u00edsto, kde se n\u00e1m l\u00edb\u00ed. A kde n\u00e1m to vyhovuje.A kde n\u00e1s maj\u00ed ostatn\u00ed lid\u00e9 r\u00e1di a my m\u00e1me zase r\u00e1di je. Je to m\u00edsto, kde nepozn\u00e1me z\u00e1sadn\u011bj\u0161\u00ed str\u00e1d\u00e1n\u00ed, odkud si nep\u0159in\u00e1\u0161\u00edme pocit frustrace, utrpen\u00ed nebo k\u0159ivdy.\u00a0A kdy\u017e u\u017e \u010dlov\u011bk domov m\u00e1, m\u011bl by ho m\u00edt. V\u00a0ide\u00e1ln\u00edm sv\u011bt\u011b nem\u00e1 nikdo pr\u00e1vo n\u011bkoho jin\u00e9ho o jeho domov p\u0159ipravit. A u\u017e v\u016fbec ne s\u00a0vyu\u017eit\u00edm s\u00edly a zv\u016fle. \u010ceho\u017e jsme nebo jsme byli sv\u011bdky i my. A i my m\u00e1me kus m\u00e1sla na hlav\u011b.\u00a0Proto\u017ee jsme i my, \u010d\u00edm\u017e mysl\u00edm \u010desk\u00fd n\u00e1rod, kdekoho p\u0159ipravili o domov. Nejd\u0159\u00edve po v\u00e1lce, kdy jsme z\u00a0domov\u016f vyhnali na\u0161e N\u011bmce, a pozd\u011bji za socialistick\u00e9ho re\u017eimu, kdy p\u0159i\u0161el o domov kdekdo, kdo se rozhodl zkusit, jak\u00e9 to je \u017e\u00edt jinde, bez souhlasu st\u00e1tu.                                                                                                                                                                                                                                                                                                                                                                                        4.6\/5 - (7 votes)        "},{"@context":"https:\/\/schema.org\/","@type":"BreadcrumbList","itemListElement":[{"@type":"ListItem","position":1,"name":"Ka\u017ed\u00fd m\u00e1 sv\u016fj domov","item":"https:\/\/www.zuuxo.cz\/kazdy-ma-svuj-domov\/#breadcrumbitem"}]}]