[{"@context":"https:\/\/schema.org\/","@type":"Article","@id":"https:\/\/www.zuuxo.cz\/denni-inspirace-od-eleganter\/#Article","mainEntityOfPage":"https:\/\/www.zuuxo.cz\/denni-inspirace-od-eleganter\/","headline":"Denn\u00ed inspirace od eleganter","name":"Denn\u00ed inspirace od eleganter","description":"Cht\u011bli byste vypadat opravdu stylov\u011b a hlavn\u011b se tak i c\u00edtit? Pokud je Va\u0161e odpov\u011bdno, tak d\u00e1vejte dobr\u00fd pozor. U n\u00e1s najde m\u00f3dn\u00ed inspiraci mu\u017e i \u017eena. Nab\u00edz\u00edme V\u00e1m ty nejkr\u00e1sn\u011bj\u0161\u00ed kousky, kter\u00e9 se V\u00e1m budou moc l\u00edbit a padnou V\u00e1m do oka. Ud\u011blejte ten prvn\u00ed krok a zjist\u011bte, jak\u00e9 to je, kdy\u017e se za [&hellip;]","datePublished":"2024-11-06","dateModified":"2024-11-06","author":{"@type":"Person","@id":"https:\/\/www.zuuxo.cz\/author\/#Person","name":"","url":"https:\/\/www.zuuxo.cz\/author\/","identifier":1,"image":{"@type":"ImageObject","@id":"https:\/\/secure.gravatar.com\/avatar\/40b5f3ce562f556955b189273c919e65fd2efecc17411a60d9172af88d0e5d58?s=96&d=mm&r=g","url":"https:\/\/secure.gravatar.com\/avatar\/40b5f3ce562f556955b189273c919e65fd2efecc17411a60d9172af88d0e5d58?s=96&d=mm&r=g","height":96,"width":96}},"publisher":{"@type":"Organization","name":"zuuxo.cz","logo":{"@type":"ImageObject","@id":"\/logo.png","url":"\/logo.png","width":600,"height":60}},"url":"https:\/\/www.zuuxo.cz\/denni-inspirace-od-eleganter\/","wordCount":262,"articleBody":"\tCht\u011bli byste vypadat opravdu stylov\u011b a hlavn\u011b se tak i c\u00edtit? Pokud je Va\u0161e odpov\u011bdno, tak d\u00e1vejte dobr\u00fd pozor. U n\u00e1s najde m\u00f3dn\u00ed inspiraci mu\u017e i \u017eena. Nab\u00edz\u00edme V\u00e1m ty nejkr\u00e1sn\u011bj\u0161\u00ed kousky, kter\u00e9 se V\u00e1m budou moc l\u00edbit a padnou V\u00e1m do oka. Ud\u011blejte ten prvn\u00ed krok a zjist\u011bte, jak\u00e9 to je, kdy\u017e se za V\u00e1mi ka\u017ed\u00fd na ulici oto\u010d\u00ed a \u0159ekne si, m\u00e1te opravdu styl a bude jen tu\u0161e z\u00e1vid\u011bt. Tohle v\u0161echno m\u016f\u017eete za\u017e\u00edt i Vy, pokud se vlo\u017e\u00edte do na\u0161ich rukou a nech\u00e1te se od n\u00e1s inspirovat. Nebojte se rozhodnout se spr\u00e1vn\u011b. Sta\u010d\u00ed si to objednat. V\u0161echno V\u00e1m po\u0161leme na Va\u0161i adresu, tak\u017ee nemus\u00edte ani tr\u00e1vit \u010das v\u00a0obchod\u011b a unavovat se. Takhle se na v\u0161echno pod\u00edv\u00e1te p\u011bkn\u011b z\u00a0pohodl\u00ed domova. Eleganter V\u00e1m pom\u016f\u017ee m\u00edt styl.\tVysok\u00e1 kvalitaU n\u00e1s najdete jenom kvalitn\u00ed zbo\u017e\u00ed, tak\u017ee po t\u00e9to str\u00e1nce se nemus\u00edte v\u016fbec ob\u00e1vat. Ud\u011blejte to nejlep\u0161\u00ed rozhodnut\u00ed a alespo\u0148 se p\u0159esv\u011bd\u010dte o na\u0161ich slovech na na\u0161ich p\u0159ehledn\u00fdch str\u00e1nk\u00e1ch, kde naleznete v\u0161echno p\u0159ehledn\u011b se\u0159azen\u00e9 a v\u0161e tak, aby V\u00e1m to vyhovovalo. M\u016f\u017eete zde nakoupit i t\u0159eba hodinky nebo n\u011bjak\u00e9 d\u00e1msk\u00e9 dopl\u0148ky, jako jsou kabelky, pen\u011b\u017eenky a podobn\u011b.\u00a0                                                                                                                                                                                                                                                                                                                                                                                        4.5\/5 - (2 votes)        "},{"@context":"https:\/\/schema.org\/","@type":"BreadcrumbList","itemListElement":[{"@type":"ListItem","position":1,"name":"Denn\u00ed inspirace od eleganter","item":"https:\/\/www.zuuxo.cz\/denni-inspirace-od-eleganter\/#breadcrumbitem"}]}]