[{"@context":"https:\/\/schema.org\/","@type":"Article","@id":"https:\/\/www.zuuxo.cz\/dekorace-interieru\/#Article","mainEntityOfPage":"https:\/\/www.zuuxo.cz\/dekorace-interieru\/","headline":"Dekorace interi\u00e9r\u016f","name":"Dekorace interi\u00e9r\u016f","description":"Tak\u00e9 jste u\u017e n\u011bkdy p\u0159em\u00fd\u0161leli nad t\u00edm, \u017ee byste si nechali ud\u011blat opravdu kr\u00e1sn\u00fd interi\u00e9r u v\u00e1s doma? Proto\u017ee hodn\u011b lid\u00ed st\u00e1le n\u011bkdy ani nev\u00ed, jak by si m\u011bli ud\u011blat sv\u016fj interi\u00e9r, aby se jim tam l\u00e9pe \u017eilo a tak\u00e9 bydlelo, proto\u017ee v dne\u0161n\u00ed dob\u011b lid\u00e9 vyhled\u00e1vaj\u00ed tak\u00e9 originalitu a tak\u00e9 kvalitn\u00ed v\u011bci. Na jednu [&hellip;]","datePublished":"2023-09-30","dateModified":"2023-10-31","author":{"@type":"Person","@id":"https:\/\/www.zuuxo.cz\/author\/#Person","name":"","url":"https:\/\/www.zuuxo.cz\/author\/","identifier":1,"image":{"@type":"ImageObject","@id":"https:\/\/secure.gravatar.com\/avatar\/40b5f3ce562f556955b189273c919e65fd2efecc17411a60d9172af88d0e5d58?s=96&d=mm&r=g","url":"https:\/\/secure.gravatar.com\/avatar\/40b5f3ce562f556955b189273c919e65fd2efecc17411a60d9172af88d0e5d58?s=96&d=mm&r=g","height":96,"width":96}},"publisher":{"@type":"Organization","name":"zuuxo.cz","logo":{"@type":"ImageObject","@id":"\/logo.png","url":"\/logo.png","width":600,"height":60}},"image":{"@type":"ImageObject","@id":"https:\/\/www.zuuxo.cz\/wp-content\/uploads\/stained-glass-1589648_1280_1.jpg","url":"https:\/\/www.zuuxo.cz\/wp-content\/uploads\/stained-glass-1589648_1280_1.jpg","height":0,"width":0},"url":"https:\/\/www.zuuxo.cz\/dekorace-interieru\/","about":["Domov"],"wordCount":431,"articleBody":"   Tak\u00e9 jste u\u017e n\u011bkdy p\u0159em\u00fd\u0161leli nad t\u00edm, \u017ee byste si nechali ud\u011blat opravdu kr\u00e1sn\u00fd interi\u00e9r u v\u00e1s doma? Proto\u017ee hodn\u011b lid\u00ed st\u00e1le n\u011bkdy ani nev\u00ed, jak by si m\u011bli ud\u011blat sv\u016fj interi\u00e9r, aby se jim tam l\u00e9pe \u017eilo a tak\u00e9 bydlelo, proto\u017ee v dne\u0161n\u00ed dob\u011b lid\u00e9 vyhled\u00e1vaj\u00ed tak\u00e9 originalitu a tak\u00e9 kvalitn\u00ed v\u011bci. Na jednu stranu jsem r\u00e1da, \u017ee se lid\u00e9 vzchopili a u\u017e tak\u00e9 hledaj\u00ed r\u016fzn\u00e9 kvalitn\u00ed v\u011bci, aby si potom tak\u00e9 mohli u\u017e\u00edvat \u017eivota, opravdu potom nen\u00ed nic smutn\u011bj\u0161\u00edho, ne\u017e kdy\u017e zjist\u00edte, \u017ee jste si t\u0159eba n\u011bco sehnali nebo po\u0159\u00eddili a z\u00e1hy jste zjistili, \u017ee tohle v\u016fbec nechcete, \u017ee takhle nechcete \u017e\u00edt anebo tohle zrovna nechcete d\u011blat.Proto je skv\u011bl\u00e9, \u017ee si t\u0159eba na internetu m\u016f\u017eete zji\u0161\u0165ovat r\u016fzn\u00e9 informace, kter\u00e9 by se v\u00e1m mohly hodit p\u0159i va\u0161em rozhodov\u00e1n\u00ed. A uva\u017eovali jste n\u011bkdy o tom, \u017ee byste si t\u0159eba dom\u016f pozvali n\u011bjak\u00e9ho bytov\u00e9ho architekta, \u017ee by v\u00e1m navrhl bytov\u00e9 interi\u00e9ry? J\u00e1 si mysl\u00edm, \u017ee by tohle opravdu nebylo na \u0161kodu, jenom\u017ee mnoho lid\u00ed si st\u00e1le mysl\u00ed, \u017ee n\u00e1vrhy bytov\u00fdch interi\u00e9r\u016f jsou velice drah\u00e9. Dokonce a\u017e p\u0159edra\u017een\u00e9, jenom\u017ee tohle nen\u00ed v\u016fbec \u017e\u00e1dn\u00e1 pravda, kdy\u017e si se\u017eenete n\u011bkoho, kdo je t\u0159eba v za\u010d\u00e1tku anebo je to teprve student um\u011bn\u00ed anebo student architektury, tak uvid\u00edte, \u017ee cena m\u016f\u017ee b\u00fdt a\u017e polovi\u010dn\u00ed. J\u00e1 sama jsem si \u0159\u00edkala, \u017ee by m\u011b bavilo studovat n\u00e1vrhy bytov\u00fdch interi\u00e9r\u016f, jenom\u017ee u\u017e jsem na to star\u00e1, je mi t\u0159icet p\u011bt let a podle m\u00e9ho n\u00e1zoru jsem u\u017e na studov\u00e1n\u00ed opravdu star\u00e1. A mysl\u00edm si, \u017ee u\u017e bych to ani mo\u017en\u00e1 nezvl\u00e1dla. Mo\u017en\u00e1 bych mohla t\u0159eba nav\u0161t\u011bvovat n\u011bjak\u00fd kurz, kde se u\u010d\u00ed n\u00e1vrhy bytov\u00fdch interi\u00e9r\u016f anebo tak\u00e9 dokonce exteri\u00e9r\u016f anebo design\u00e9rstv\u00ed zahrad. Ale tohle je tak maxim\u00e1ln\u011b v\u0161echno. Opravdu bych se tomu nev\u011bnovala \u00fapln\u011b profesion\u00e1ln\u011b, proto\u017ee si mysl\u00edm, \u017ee zase nejsem tak extra \u0161ikovn\u00e1, ale rozhodn\u011b na to nezanev\u0159ete. Pokud opravdu tou\u017e\u00edte po origin\u00e1ln\u00edm bydlen\u00ed, tak nev\u00e1hejte kontaktovat n\u011bjak\u00e9ho design\u00e9ra nebo bytov\u00e9ho architekta, kter\u00fd v\u00e1m navrhne kr\u00e1sn\u00fd bytov\u00fd interi\u00e9r.                                                                                                                                                                                                                                                                                                                                                                                           5\/5 - (3 votes)        "},{"@context":"https:\/\/schema.org\/","@type":"BreadcrumbList","itemListElement":[{"@type":"ListItem","position":1,"name":"Dekorace interi\u00e9r\u016f","item":"https:\/\/www.zuuxo.cz\/dekorace-interieru\/#breadcrumbitem"}]}]